{"id":1226,"date":"2021-03-05T13:01:02","date_gmt":"2021-03-05T13:01:02","guid":{"rendered":"https:\/\/www.chalets-tn.com\/fahrrad-auf-mallorca\/"},"modified":"2021-03-05T13:01:02","modified_gmt":"2021-03-05T13:01:02","slug":"fahrrad-auf-mallorca","status":"publish","type":"post","link":"https:\/\/www.chalets-tn.com\/de\/fahrrad-auf-mallorca\/","title":{"rendered":"Fahrrad auf Mallorca"},"content":{"rendered":"\t\t<div data-elementor-type=\"wp-post\" data-elementor-id=\"1226\" class=\"elementor elementor-1226\" data-elementor-post-type=\"post\">\n\t\t\t\t\t\t<section class=\"elementor-section elementor-top-section elementor-element elementor-element-861b2ee elementor-section-boxed elementor-section-height-default elementor-section-height-default\" data-id=\"861b2ee\" data-element_type=\"section\" data-e-type=\"section\">\n\t\t\t\t\t\t<div class=\"elementor-container elementor-column-gap-default\">\n\t\t\t\t\t<div class=\"elementor-column elementor-col-100 elementor-top-column elementor-element elementor-element-92711de\" data-id=\"92711de\" data-element_type=\"column\" data-e-type=\"column\">\n\t\t\t<div class=\"elementor-widget-wrap elementor-element-populated\">\n\t\t\t\t\t\t<section class=\"elementor-section elementor-inner-section elementor-element elementor-element-1462040 elementor-section-boxed elementor-section-height-default elementor-section-height-default\" data-id=\"1462040\" data-element_type=\"section\" data-e-type=\"section\">\n\t\t\t\t\t\t<div class=\"elementor-container elementor-column-gap-default\">\n\t\t\t\t\t<div class=\"elementor-column elementor-col-100 elementor-inner-column elementor-element elementor-element-e09ddac\" data-id=\"e09ddac\" data-element_type=\"column\" data-e-type=\"column\">\n\t\t\t<div class=\"elementor-widget-wrap elementor-element-populated\">\n\t\t\t\t\t\t<div class=\"elementor-element elementor-element-dd7fc05 elementor-widget elementor-widget-heading\" data-id=\"dd7fc05\" data-element_type=\"widget\" data-e-type=\"widget\" data-widget_type=\"heading.default\">\n\t\t\t\t<div class=\"elementor-widget-container\">\n\t\t\t\t\t<h3 class=\"elementor-heading-title elementor-size-default\">Urlaub in Kontakt mit der Natur<\/h3>\t\t\t\t<\/div>\n\t\t\t\t<\/div>\n\t\t\t\t<div class=\"elementor-element elementor-element-63a1ceb elementor-widget elementor-widget-heading\" data-id=\"63a1ceb\" data-element_type=\"widget\" data-e-type=\"widget\" data-widget_type=\"heading.default\">\n\t\t\t\t<div class=\"elementor-widget-container\">\n\t\t\t\t\t<h2 class=\"elementor-heading-title elementor-size-default\">Entdecken Sie Mallorca auf R\u00e4dern<\/h2>\t\t\t\t<\/div>\n\t\t\t\t<\/div>\n\t\t\t\t<div class=\"elementor-element elementor-element-8f56206 elementor-widget elementor-widget-text-editor\" data-id=\"8f56206\" data-element_type=\"widget\" data-e-type=\"widget\" data-widget_type=\"text-editor.default\">\n\t\t\t\t<div class=\"elementor-widget-container\">\n\t\t\t\t\t\t\t\t\t<p>Genie\u00dfen Sie Outdoor-Sport auf Mallorca. <\/p>\n<p>Kilometer lange Strecken auf Nebenstra\u00dfen mitten in der Natur. Familienspazierg\u00e4nge oder mehr Sportstunden, nutzen und die Umgebung genie\u00dfen.<\/p>\n<p>Da sonnige Tage vorherrschen, empfehlen wir verschiedene Routen f\u00fcr verschiedene Ebenen. Eine einzigartige M\u00f6glichkeit, die Insel Mallorca kennenzulernen.<\/p>\n\t\t\t\t\t\t\t\t<\/div>\n\t\t\t\t<\/div>\n\t\t\t\t\t<\/div>\n\t\t<\/div>\n\t\t\t\t\t<\/div>\n\t\t<\/section>\n\t\t\t\t\t<\/div>\n\t\t<\/div>\n\t\t\t\t\t<\/div>\n\t\t<\/section>\n\t\t\t\t<section class=\"elementor-section elementor-top-section elementor-element elementor-element-181b648 elementor-section-boxed elementor-section-height-default elementor-section-height-default\" data-id=\"181b648\" data-element_type=\"section\" data-e-type=\"section\">\n\t\t\t\t\t\t<div class=\"elementor-container elementor-column-gap-default\">\n\t\t\t\t\t<div class=\"elementor-column elementor-col-100 elementor-top-column elementor-element elementor-element-7a3a856\" data-id=\"7a3a856\" data-element_type=\"column\" data-e-type=\"column\">\n\t\t\t<div class=\"elementor-widget-wrap elementor-element-populated\">\n\t\t\t\t\t\t<div class=\"elementor-element elementor-element-9f2cd7f elementor-hidden-desktop elementor-hidden-tablet elementor-widget elementor-widget-gallery\" data-id=\"9f2cd7f\" data-element_type=\"widget\" data-e-type=\"widget\" data-settings=\"{&quot;gallery_layout&quot;:&quot;masonry&quot;,&quot;columns&quot;:2,&quot;lazyload&quot;:&quot;yes&quot;,&quot;columns_tablet&quot;:2,&quot;columns_mobile&quot;:1,&quot;gap&quot;:{&quot;unit&quot;:&quot;px&quot;,&quot;size&quot;:10,&quot;sizes&quot;:[]},&quot;gap_tablet&quot;:{&quot;unit&quot;:&quot;px&quot;,&quot;size&quot;:10,&quot;sizes&quot;:[]},&quot;gap_mobile&quot;:{&quot;unit&quot;:&quot;px&quot;,&quot;size&quot;:10,&quot;sizes&quot;:[]},&quot;link_to&quot;:&quot;file&quot;,&quot;overlay_background&quot;:&quot;yes&quot;,&quot;content_hover_animation&quot;:&quot;fade-in&quot;}\" data-widget_type=\"gallery.default\">\n\t\t\t\t<div class=\"elementor-widget-container\">\n\t\t\t\t\t\t\t<div class=\"elementor-gallery__container\">\n\t\t\t\t\t\t\t<a class=\"e-gallery-item elementor-gallery-item elementor-animated-content\" href=\"https:\/\/www.chalets-tn.com\/wp-content\/uploads\/2021\/01\/010312_1139restrest.jpg\" data-elementor-open-lightbox=\"yes\" data-elementor-lightbox-slideshow=\"9f2cd7f\" data-elementor-lightbox-title=\"Chalets Torre Nova - Cala Santanyi\" data-e-action-hash=\"#elementor-action%3Aaction%3Dlightbox%26settings%3DeyJpZCI6MTEwNSwidXJsIjoiaHR0cHM6XC9cL3d3dy5jaGFsZXRzLXRuLmNvbVwvd3AtY29udGVudFwvdXBsb2Fkc1wvMjAyMVwvMDFcLzAxMDMxMl8xMTM5cmVzdHJlc3QuanBnIiwic2xpZGVzaG93IjoiOWYyY2Q3ZiJ9\">\n\t\t\t\t\t<div class=\"e-gallery-image elementor-gallery-item__image\" data-thumbnail=\"https:\/\/www.chalets-tn.com\/wp-content\/uploads\/2021\/01\/010312_1139restrest-1024x549.jpg\" data-width=\"800\" data-height=\"429\" aria-label=\"Bike holidays mallorca\" role=\"img\" ><\/div>\n\t\t\t\t\t\t\t\t\t\t\t<div class=\"elementor-gallery-item__overlay\"><\/div>\n\t\t\t\t\t\t\t\t\t\t\t\t\t\t<\/a>\n\t\t\t\t\t\t\t<a class=\"e-gallery-item elementor-gallery-item elementor-animated-content\" href=\"https:\/\/www.chalets-tn.com\/wp-content\/uploads\/2021\/01\/180212_0998restrest.jpg\" data-elementor-open-lightbox=\"yes\" data-elementor-lightbox-slideshow=\"9f2cd7f\" data-elementor-lightbox-title=\"Chalets Torre Nova - Cala Santanyi\" data-e-action-hash=\"#elementor-action%3Aaction%3Dlightbox%26settings%3DeyJpZCI6MTExNCwidXJsIjoiaHR0cHM6XC9cL3d3dy5jaGFsZXRzLXRuLmNvbVwvd3AtY29udGVudFwvdXBsb2Fkc1wvMjAyMVwvMDFcLzE4MDIxMl8wOTk4cmVzdHJlc3QuanBnIiwic2xpZGVzaG93IjoiOWYyY2Q3ZiJ9\">\n\t\t\t\t\t<div class=\"e-gallery-image elementor-gallery-item__image\" data-thumbnail=\"https:\/\/www.chalets-tn.com\/wp-content\/uploads\/2021\/01\/180212_0998restrest-1024x549.jpg\" data-width=\"800\" data-height=\"429\" aria-label=\"Bike holidays mallorca\" role=\"img\" ><\/div>\n\t\t\t\t\t\t\t\t\t\t\t<div class=\"elementor-gallery-item__overlay\"><\/div>\n\t\t\t\t\t\t\t\t\t\t\t\t\t\t<\/a>\n\t\t\t\t\t\t\t<a class=\"e-gallery-item elementor-gallery-item elementor-animated-content\" href=\"https:\/\/www.chalets-tn.com\/wp-content\/uploads\/2021\/01\/IMG_9024restrest.jpg\" data-elementor-open-lightbox=\"yes\" data-elementor-lightbox-slideshow=\"9f2cd7f\" data-elementor-lightbox-title=\"Chalets Torre Nova - Cala Santanyi\" data-e-action-hash=\"#elementor-action%3Aaction%3Dlightbox%26settings%3DeyJpZCI6MTEyMCwidXJsIjoiaHR0cHM6XC9cL3d3dy5jaGFsZXRzLXRuLmNvbVwvd3AtY29udGVudFwvdXBsb2Fkc1wvMjAyMVwvMDFcL0lNR185MDI0cmVzdHJlc3QuanBnIiwic2xpZGVzaG93IjoiOWYyY2Q3ZiJ9\">\n\t\t\t\t\t<div class=\"e-gallery-image elementor-gallery-item__image\" data-thumbnail=\"https:\/\/www.chalets-tn.com\/wp-content\/uploads\/2021\/01\/IMG_9024restrest-1024x549.jpg\" data-width=\"800\" data-height=\"429\" aria-label=\"Bike holidays mallorca\" role=\"img\" ><\/div>\n\t\t\t\t\t\t\t\t\t\t\t<div class=\"elementor-gallery-item__overlay\"><\/div>\n\t\t\t\t\t\t\t\t\t\t\t\t\t\t<\/a>\n\t\t\t\t\t<\/div>\n\t\t\t\t\t<\/div>\n\t\t\t\t<\/div>\n\t\t\t\t<div class=\"elementor-element elementor-element-90b9f2e elementor-hidden-phone elementor-widget elementor-widget-gallery\" data-id=\"90b9f2e\" data-element_type=\"widget\" data-e-type=\"widget\" data-settings=\"{&quot;gallery_layout&quot;:&quot;masonry&quot;,&quot;columns&quot;:2,&quot;lazyload&quot;:&quot;yes&quot;,&quot;columns_tablet&quot;:2,&quot;columns_mobile&quot;:1,&quot;gap&quot;:{&quot;unit&quot;:&quot;px&quot;,&quot;size&quot;:10,&quot;sizes&quot;:[]},&quot;gap_tablet&quot;:{&quot;unit&quot;:&quot;px&quot;,&quot;size&quot;:10,&quot;sizes&quot;:[]},&quot;gap_mobile&quot;:{&quot;unit&quot;:&quot;px&quot;,&quot;size&quot;:10,&quot;sizes&quot;:[]},&quot;link_to&quot;:&quot;file&quot;,&quot;overlay_background&quot;:&quot;yes&quot;,&quot;content_hover_animation&quot;:&quot;fade-in&quot;}\" data-widget_type=\"gallery.default\">\n\t\t\t\t<div class=\"elementor-widget-container\">\n\t\t\t\t\t\t\t<div class=\"elementor-gallery__container\">\n\t\t\t\t\t\t\t<a class=\"e-gallery-item elementor-gallery-item elementor-animated-content\" href=\"https:\/\/www.chalets-tn.com\/wp-content\/uploads\/2021\/01\/010312_1139restrest.jpg\" data-elementor-open-lightbox=\"yes\" data-elementor-lightbox-slideshow=\"90b9f2e\" data-elementor-lightbox-title=\"Chalets Torre Nova - Cala Santanyi\" data-e-action-hash=\"#elementor-action%3Aaction%3Dlightbox%26settings%3DeyJpZCI6MTEwNSwidXJsIjoiaHR0cHM6XC9cL3d3dy5jaGFsZXRzLXRuLmNvbVwvd3AtY29udGVudFwvdXBsb2Fkc1wvMjAyMVwvMDFcLzAxMDMxMl8xMTM5cmVzdHJlc3QuanBnIiwic2xpZGVzaG93IjoiOTBiOWYyZSJ9\">\n\t\t\t\t\t<div class=\"e-gallery-image elementor-gallery-item__image\" data-thumbnail=\"https:\/\/www.chalets-tn.com\/wp-content\/uploads\/2021\/01\/010312_1139restrest-1024x549.jpg\" data-width=\"800\" data-height=\"429\" aria-label=\"Bike holidays mallorca\" role=\"img\" ><\/div>\n\t\t\t\t\t\t\t\t\t\t\t<div class=\"elementor-gallery-item__overlay\"><\/div>\n\t\t\t\t\t\t\t\t\t\t\t\t\t\t<\/a>\n\t\t\t\t\t\t\t<a class=\"e-gallery-item elementor-gallery-item elementor-animated-content\" href=\"https:\/\/www.chalets-tn.com\/wp-content\/uploads\/2021\/01\/040312_1143restrest.jpg\" data-elementor-open-lightbox=\"yes\" data-elementor-lightbox-slideshow=\"90b9f2e\" data-elementor-lightbox-title=\"Chalets Torre Nova - Cala Santanyi\" data-e-action-hash=\"#elementor-action%3Aaction%3Dlightbox%26settings%3DeyJpZCI6MTEwOCwidXJsIjoiaHR0cHM6XC9cL3d3dy5jaGFsZXRzLXRuLmNvbVwvd3AtY29udGVudFwvdXBsb2Fkc1wvMjAyMVwvMDFcLzA0MDMxMl8xMTQzcmVzdHJlc3QuanBnIiwic2xpZGVzaG93IjoiOTBiOWYyZSJ9\">\n\t\t\t\t\t<div class=\"e-gallery-image elementor-gallery-item__image\" data-thumbnail=\"https:\/\/www.chalets-tn.com\/wp-content\/uploads\/2021\/01\/040312_1143restrest-1024x549.jpg\" data-width=\"800\" data-height=\"429\" aria-label=\"Bike holidays mallorca\" role=\"img\" ><\/div>\n\t\t\t\t\t\t\t\t\t\t\t<div class=\"elementor-gallery-item__overlay\"><\/div>\n\t\t\t\t\t\t\t\t\t\t\t\t\t\t<\/a>\n\t\t\t\t\t\t\t<a class=\"e-gallery-item elementor-gallery-item elementor-animated-content\" href=\"https:\/\/www.chalets-tn.com\/wp-content\/uploads\/2021\/01\/040312_1198restrest.jpg\" data-elementor-open-lightbox=\"yes\" data-elementor-lightbox-slideshow=\"90b9f2e\" data-elementor-lightbox-title=\"Chalets Torre Nova - Cala Santanyi\" data-e-action-hash=\"#elementor-action%3Aaction%3Dlightbox%26settings%3DeyJpZCI6MTExMSwidXJsIjoiaHR0cHM6XC9cL3d3dy5jaGFsZXRzLXRuLmNvbVwvd3AtY29udGVudFwvdXBsb2Fkc1wvMjAyMVwvMDFcLzA0MDMxMl8xMTk4cmVzdHJlc3QuanBnIiwic2xpZGVzaG93IjoiOTBiOWYyZSJ9\">\n\t\t\t\t\t<div class=\"e-gallery-image elementor-gallery-item__image\" data-thumbnail=\"https:\/\/www.chalets-tn.com\/wp-content\/uploads\/2021\/01\/040312_1198restrest-1024x549.jpg\" data-width=\"800\" data-height=\"429\" aria-label=\"Bike holidays mallorca\" role=\"img\" ><\/div>\n\t\t\t\t\t\t\t\t\t\t\t<div class=\"elementor-gallery-item__overlay\"><\/div>\n\t\t\t\t\t\t\t\t\t\t\t\t\t\t<\/a>\n\t\t\t\t\t\t\t<a class=\"e-gallery-item elementor-gallery-item elementor-animated-content\" href=\"https:\/\/www.chalets-tn.com\/wp-content\/uploads\/2021\/01\/180212_0998restrest.jpg\" data-elementor-open-lightbox=\"yes\" data-elementor-lightbox-slideshow=\"90b9f2e\" data-elementor-lightbox-title=\"Chalets Torre Nova - Cala Santanyi\" data-e-action-hash=\"#elementor-action%3Aaction%3Dlightbox%26settings%3DeyJpZCI6MTExNCwidXJsIjoiaHR0cHM6XC9cL3d3dy5jaGFsZXRzLXRuLmNvbVwvd3AtY29udGVudFwvdXBsb2Fkc1wvMjAyMVwvMDFcLzE4MDIxMl8wOTk4cmVzdHJlc3QuanBnIiwic2xpZGVzaG93IjoiOTBiOWYyZSJ9\">\n\t\t\t\t\t<div class=\"e-gallery-image elementor-gallery-item__image\" data-thumbnail=\"https:\/\/www.chalets-tn.com\/wp-content\/uploads\/2021\/01\/180212_0998restrest-1024x549.jpg\" data-width=\"800\" data-height=\"429\" aria-label=\"Bike holidays mallorca\" role=\"img\" ><\/div>\n\t\t\t\t\t\t\t\t\t\t\t<div class=\"elementor-gallery-item__overlay\"><\/div>\n\t\t\t\t\t\t\t\t\t\t\t\t\t\t<\/a>\n\t\t\t\t\t\t\t<a class=\"e-gallery-item elementor-gallery-item elementor-animated-content\" href=\"https:\/\/www.chalets-tn.com\/wp-content\/uploads\/2021\/01\/IMG_1724restrest.jpg\" data-elementor-open-lightbox=\"yes\" data-elementor-lightbox-slideshow=\"90b9f2e\" data-elementor-lightbox-title=\"Chalets Torre Nova - Cala Santanyi\" data-e-action-hash=\"#elementor-action%3Aaction%3Dlightbox%26settings%3DeyJpZCI6MTExNywidXJsIjoiaHR0cHM6XC9cL3d3dy5jaGFsZXRzLXRuLmNvbVwvd3AtY29udGVudFwvdXBsb2Fkc1wvMjAyMVwvMDFcL0lNR18xNzI0cmVzdHJlc3QuanBnIiwic2xpZGVzaG93IjoiOTBiOWYyZSJ9\">\n\t\t\t\t\t<div class=\"e-gallery-image elementor-gallery-item__image\" data-thumbnail=\"https:\/\/www.chalets-tn.com\/wp-content\/uploads\/2021\/01\/IMG_1724restrest-1024x549.jpg\" data-width=\"800\" data-height=\"429\" aria-label=\"Bike holidays mallorca\" role=\"img\" ><\/div>\n\t\t\t\t\t\t\t\t\t\t\t<div class=\"elementor-gallery-item__overlay\"><\/div>\n\t\t\t\t\t\t\t\t\t\t\t\t\t\t<\/a>\n\t\t\t\t\t\t\t<a class=\"e-gallery-item elementor-gallery-item elementor-animated-content\" href=\"https:\/\/www.chalets-tn.com\/wp-content\/uploads\/2021\/01\/IMG_9024restrest.jpg\" data-elementor-open-lightbox=\"yes\" data-elementor-lightbox-slideshow=\"90b9f2e\" data-elementor-lightbox-title=\"Chalets Torre Nova - Cala Santanyi\" data-e-action-hash=\"#elementor-action%3Aaction%3Dlightbox%26settings%3DeyJpZCI6MTEyMCwidXJsIjoiaHR0cHM6XC9cL3d3dy5jaGFsZXRzLXRuLmNvbVwvd3AtY29udGVudFwvdXBsb2Fkc1wvMjAyMVwvMDFcL0lNR185MDI0cmVzdHJlc3QuanBnIiwic2xpZGVzaG93IjoiOTBiOWYyZSJ9\">\n\t\t\t\t\t<div class=\"e-gallery-image elementor-gallery-item__image\" data-thumbnail=\"https:\/\/www.chalets-tn.com\/wp-content\/uploads\/2021\/01\/IMG_9024restrest-1024x549.jpg\" data-width=\"800\" data-height=\"429\" aria-label=\"Bike holidays mallorca\" role=\"img\" ><\/div>\n\t\t\t\t\t\t\t\t\t\t\t<div class=\"elementor-gallery-item__overlay\"><\/div>\n\t\t\t\t\t\t\t\t\t\t\t\t\t\t<\/a>\n\t\t\t\t\t<\/div>\n\t\t\t\t\t<\/div>\n\t\t\t\t<\/div>\n\t\t\t\t\t<\/div>\n\t\t<\/div>\n\t\t\t\t\t<\/div>\n\t\t<\/section>\n\t\t\t\t<section class=\"elementor-section elementor-top-section elementor-element elementor-element-6aa45f7 elementor-section-boxed elementor-section-height-default elementor-section-height-default\" data-id=\"6aa45f7\" data-element_type=\"section\" data-e-type=\"section\">\n\t\t\t\t\t\t<div class=\"elementor-container elementor-column-gap-default\">\n\t\t\t\t\t<div class=\"elementor-column elementor-col-50 elementor-top-column elementor-element elementor-element-c6f81dd\" data-id=\"c6f81dd\" data-element_type=\"column\" data-e-type=\"column\">\n\t\t\t<div class=\"elementor-widget-wrap elementor-element-populated\">\n\t\t\t\t\t\t<div class=\"elementor-element elementor-element-505aa9f elementor-widget elementor-widget-text-editor\" data-id=\"505aa9f\" data-element_type=\"widget\" data-e-type=\"widget\" data-widget_type=\"text-editor.default\">\n\t\t\t\t<div class=\"elementor-widget-container\">\n\t\t\t\t\t\t\t\t\t<p>Fahrradverleih: bei Ankunft verf\u00fcgbar. <\/p>\n<p>F\u00fcr Ausfl\u00fcge mit eigenen Fahrr\u00e4dern haben wir eine Sicherheitsgarage. <\/p>\n\t\t\t\t\t\t\t\t<\/div>\n\t\t\t\t<\/div>\n\t\t\t\t\t<\/div>\n\t\t<\/div>\n\t\t\t\t<div class=\"elementor-column elementor-col-50 elementor-top-column elementor-element elementor-element-185aef1\" data-id=\"185aef1\" data-element_type=\"column\" data-e-type=\"column\">\n\t\t\t<div class=\"elementor-widget-wrap elementor-element-populated\">\n\t\t\t\t\t\t<div class=\"elementor-element elementor-element-2fc1aac elementor-widget elementor-widget-text-editor\" data-id=\"2fc1aac\" data-element_type=\"widget\" data-e-type=\"widget\" data-widget_type=\"text-editor.default\">\n\t\t\t\t<div class=\"elementor-widget-container\">\n\t\t\t\t\t\t\t\t\t<p>Vom Berg zum Strand und umgekehrt. <\/p>\n<p>Landschaften mit Feldern einheimischer B\u00e4ume und Obstkulturen. Felsig und offen am Meer. <\/p>\n\t\t\t\t\t\t\t\t<\/div>\n\t\t\t\t<\/div>\n\t\t\t\t\t<\/div>\n\t\t<\/div>\n\t\t\t\t\t<\/div>\n\t\t<\/section>\n\t\t\t\t<section class=\"elementor-section elementor-top-section elementor-element elementor-element-d96ea19 elementor-section-boxed elementor-section-height-default elementor-section-height-default\" data-id=\"d96ea19\" data-element_type=\"section\" data-e-type=\"section\">\n\t\t\t\t\t\t<div class=\"elementor-container elementor-column-gap-default\">\n\t\t\t\t\t<div class=\"elementor-column elementor-col-25 elementor-top-column elementor-element elementor-element-b50b12a\" data-id=\"b50b12a\" data-element_type=\"column\" data-e-type=\"column\">\n\t\t\t<div class=\"elementor-widget-wrap elementor-element-populated\">\n\t\t\t\t\t\t<div class=\"elementor-element elementor-element-16f3eef elementor-widget elementor-widget-image\" data-id=\"16f3eef\" data-element_type=\"widget\" data-e-type=\"widget\" data-widget_type=\"image.default\">\n\t\t\t\t<div class=\"elementor-widget-container\">\n\t\t\t\t\t\t\t\t\t\t\t\t\t\t\t<img fetchpriority=\"high\" decoding=\"async\" width=\"465\" height=\"492\" src=\"https:\/\/www.chalets-tn.com\/wp-content\/uploads\/2021\/01\/bicicleta-mallorca-1.jpg\" class=\"attachment-large size-large wp-image-1133\" alt=\"\" srcset=\"https:\/\/www.chalets-tn.com\/wp-content\/uploads\/2021\/01\/bicicleta-mallorca-1.jpg 465w, https:\/\/www.chalets-tn.com\/wp-content\/uploads\/2021\/01\/bicicleta-mallorca-1-284x300.jpg 284w\" sizes=\"(max-width: 465px) 100vw, 465px\" \/>\t\t\t\t\t\t\t\t\t\t\t\t\t\t\t<\/div>\n\t\t\t\t<\/div>\n\t\t\t\t\t<\/div>\n\t\t<\/div>\n\t\t\t\t<div class=\"elementor-column elementor-col-25 elementor-top-column elementor-element elementor-element-2557270\" data-id=\"2557270\" data-element_type=\"column\" data-e-type=\"column\">\n\t\t\t<div class=\"elementor-widget-wrap elementor-element-populated\">\n\t\t\t\t\t\t<div class=\"elementor-element elementor-element-83dfdd6 elementor-widget elementor-widget-image\" data-id=\"83dfdd6\" data-element_type=\"widget\" data-e-type=\"widget\" data-widget_type=\"image.default\">\n\t\t\t\t<div class=\"elementor-widget-container\">\n\t\t\t\t\t\t\t\t\t\t\t\t\t\t\t<img decoding=\"async\" width=\"465\" height=\"492\" src=\"https:\/\/www.chalets-tn.com\/wp-content\/uploads\/2021\/01\/bici-nonstopmallorca-1.jpg\" class=\"attachment-large size-large wp-image-1136\" alt=\"\" srcset=\"https:\/\/www.chalets-tn.com\/wp-content\/uploads\/2021\/01\/bici-nonstopmallorca-1.jpg 465w, https:\/\/www.chalets-tn.com\/wp-content\/uploads\/2021\/01\/bici-nonstopmallorca-1-284x300.jpg 284w\" sizes=\"(max-width: 465px) 100vw, 465px\" \/>\t\t\t\t\t\t\t\t\t\t\t\t\t\t\t<\/div>\n\t\t\t\t<\/div>\n\t\t\t\t\t<\/div>\n\t\t<\/div>\n\t\t\t\t<div class=\"elementor-column elementor-col-25 elementor-top-column elementor-element elementor-element-23c7570\" data-id=\"23c7570\" data-element_type=\"column\" data-e-type=\"column\">\n\t\t\t<div class=\"elementor-widget-wrap elementor-element-populated\">\n\t\t\t\t\t\t<div class=\"elementor-element elementor-element-997dd87 elementor-widget elementor-widget-image\" data-id=\"997dd87\" data-element_type=\"widget\" data-e-type=\"widget\" data-widget_type=\"image.default\">\n\t\t\t\t<div class=\"elementor-widget-container\">\n\t\t\t\t\t\t\t\t\t\t\t\t\t\t\t<img decoding=\"async\" width=\"465\" height=\"492\" src=\"https:\/\/www.chalets-tn.com\/wp-content\/uploads\/2021\/01\/bicicleta-familia-chainguidemallorca.jpg\" class=\"attachment-large size-large wp-image-1130\" alt=\"Bicicleta familia Mallorca\" srcset=\"https:\/\/www.chalets-tn.com\/wp-content\/uploads\/2021\/01\/bicicleta-familia-chainguidemallorca.jpg 465w, https:\/\/www.chalets-tn.com\/wp-content\/uploads\/2021\/01\/bicicleta-familia-chainguidemallorca-284x300.jpg 284w\" sizes=\"(max-width: 465px) 100vw, 465px\" \/>\t\t\t\t\t\t\t\t\t\t\t\t\t\t\t<\/div>\n\t\t\t\t<\/div>\n\t\t\t\t\t<\/div>\n\t\t<\/div>\n\t\t\t\t<div class=\"elementor-column elementor-col-25 elementor-top-column elementor-element elementor-element-5f8315c\" data-id=\"5f8315c\" data-element_type=\"column\" data-e-type=\"column\">\n\t\t\t<div class=\"elementor-widget-wrap elementor-element-populated\">\n\t\t\t\t\t\t<div class=\"elementor-element elementor-element-190dfdb elementor-widget elementor-widget-image\" data-id=\"190dfdb\" data-element_type=\"widget\" data-e-type=\"widget\" data-widget_type=\"image.default\">\n\t\t\t\t<div class=\"elementor-widget-container\">\n\t\t\t\t\t\t\t\t\t\t\t\t\t\t\t<img loading=\"lazy\" decoding=\"async\" width=\"465\" height=\"492\" src=\"https:\/\/www.chalets-tn.com\/wp-content\/uploads\/2021\/01\/bici-carretera-sescapada.jpg\" class=\"attachment-large size-large wp-image-1139\" alt=\"bici-carretera-sescapada\" srcset=\"https:\/\/www.chalets-tn.com\/wp-content\/uploads\/2021\/01\/bici-carretera-sescapada.jpg 465w, https:\/\/www.chalets-tn.com\/wp-content\/uploads\/2021\/01\/bici-carretera-sescapada-284x300.jpg 284w\" sizes=\"(max-width: 465px) 100vw, 465px\" \/>\t\t\t\t\t\t\t\t\t\t\t\t\t\t\t<\/div>\n\t\t\t\t<\/div>\n\t\t\t\t\t<\/div>\n\t\t<\/div>\n\t\t\t\t\t<\/div>\n\t\t<\/section>\n\t\t\t\t<section class=\"elementor-section elementor-top-section elementor-element elementor-element-ff18184 elementor-section-boxed elementor-section-height-default elementor-section-height-default\" data-id=\"ff18184\" data-element_type=\"section\" data-e-type=\"section\">\n\t\t\t\t\t\t<div class=\"elementor-container elementor-column-gap-default\">\n\t\t\t\t\t<div class=\"elementor-column elementor-col-100 elementor-top-column elementor-element elementor-element-6ed612a\" data-id=\"6ed612a\" data-element_type=\"column\" data-e-type=\"column\">\n\t\t\t<div class=\"elementor-widget-wrap elementor-element-populated\">\n\t\t\t\t\t\t<div class=\"elementor-element elementor-element-d887989 elementor-widget elementor-widget-heading\" data-id=\"d887989\" data-element_type=\"widget\" data-e-type=\"widget\" data-widget_type=\"heading.default\">\n\t\t\t\t<div class=\"elementor-widget-container\">\n\t\t\t\t\t<h2 class=\"elementor-heading-title elementor-size-default\">Unterkunft Mallorca mit Fahrrad <\/h2>\t\t\t\t<\/div>\n\t\t\t\t<\/div>\n\t\t\t\t<div class=\"elementor-element elementor-element-38298b1 elementor-widget elementor-widget-text-editor\" data-id=\"38298b1\" data-element_type=\"widget\" data-e-type=\"widget\" data-widget_type=\"text-editor.default\">\n\t\t\t\t<div class=\"elementor-widget-container\">\n\t\t\t\t\t\t\t\t\t<p>\u00dcberpr\u00fcfen Sie Ihre Daten und Ihre Ziele. Wir finden einen gem\u00fctlichen Ort f\u00fcr Sie und Ihre Familie oder Freunde.<\/p>\n<p>Fahrradservice von <a href=\"https:\/\/www.instagram.com\/sescapada\/\">S&#8217;escapada Campos.<\/a><\/p>\n<p>MTB Mallorca Strecken mit <a href=\"https:\/\/www.instagram.com\/chainguidemallorca\/\">Chainguidemallorca<\/a>. <\/p>\n\t\t\t\t\t\t\t\t<\/div>\n\t\t\t\t<\/div>\n\t\t\t\t\t<\/div>\n\t\t<\/div>\n\t\t\t\t\t<\/div>\n\t\t<\/section>\n\t\t\t\t<section class=\"elementor-section elementor-top-section elementor-element elementor-element-79c3fe9 elementor-section-boxed elementor-section-height-default elementor-section-height-default\" data-id=\"79c3fe9\" data-element_type=\"section\" data-e-type=\"section\">\n\t\t\t\t\t\t<div class=\"elementor-container elementor-column-gap-default\">\n\t\t\t\t\t<div class=\"elementor-column elementor-col-33 elementor-top-column elementor-element elementor-element-f83ba91\" data-id=\"f83ba91\" data-element_type=\"column\" data-e-type=\"column\">\n\t\t\t<div class=\"elementor-widget-wrap elementor-element-populated\">\n\t\t\t\t\t\t<div class=\"elementor-element elementor-element-8460f00 elementor-widget elementor-widget-image\" data-id=\"8460f00\" data-element_type=\"widget\" data-e-type=\"widget\" data-widget_type=\"image.default\">\n\t\t\t\t<div class=\"elementor-widget-container\">\n\t\t\t\t\t\t\t\t\t\t\t\t\t\t\t<img decoding=\"async\" src=\"https:\/\/www.chalets-tn.com\/wp-content\/uploads\/elementor\/thumbs\/WhatsApp-Image-2018-07-24-at-15.15.32_1-op44nn36ludbnm5nrhrov5qrpfvjwe1jq7xwnzt1ao.jpg\" title=\"Chalets Torre Nova &#8211; Cala Santanyi\" alt=\"rocas cala santanyi\" loading=\"lazy\" \/>\t\t\t\t\t\t\t\t\t\t\t\t\t\t\t<\/div>\n\t\t\t\t<\/div>\n\t\t\t\t\t<\/div>\n\t\t<\/div>\n\t\t\t\t<div class=\"elementor-column elementor-col-33 elementor-top-column elementor-element elementor-element-887453e\" data-id=\"887453e\" data-element_type=\"column\" data-e-type=\"column\">\n\t\t\t<div class=\"elementor-widget-wrap elementor-element-populated\">\n\t\t\t\t\t\t<div class=\"elementor-element elementor-element-81eede9 elementor-widget elementor-widget-image\" data-id=\"81eede9\" data-element_type=\"widget\" data-e-type=\"widget\" data-widget_type=\"image.default\">\n\t\t\t\t<div class=\"elementor-widget-container\">\n\t\t\t\t\t\t\t\t\t\t\t\t\t\t\t<img decoding=\"async\" src=\"https:\/\/www.chalets-tn.com\/wp-content\/uploads\/elementor\/thumbs\/IMG_1195-op44jn9vk6wgb9yk39lrro18thke6p6m6g4m8nq9qo.jpg\" title=\"Chalets Torre Nova &#8211; Cala Santanyi\" alt=\"Chalets Torre Nova - Cala Santanyi - Holidays resort\" loading=\"lazy\" \/>\t\t\t\t\t\t\t\t\t\t\t\t\t\t\t<\/div>\n\t\t\t\t<\/div>\n\t\t\t\t\t<\/div>\n\t\t<\/div>\n\t\t\t\t<div class=\"elementor-column elementor-col-33 elementor-top-column elementor-element elementor-element-e84c58c\" data-id=\"e84c58c\" data-element_type=\"column\" data-e-type=\"column\">\n\t\t\t<div class=\"elementor-widget-wrap elementor-element-populated\">\n\t\t\t\t\t\t<div class=\"elementor-element elementor-element-912ebff elementor-widget elementor-widget-image\" data-id=\"912ebff\" data-element_type=\"widget\" data-e-type=\"widget\" data-widget_type=\"image.default\">\n\t\t\t\t<div class=\"elementor-widget-container\">\n\t\t\t\t\t\t\t\t\t\t\t\t\t\t\t<img decoding=\"async\" src=\"https:\/\/www.chalets-tn.com\/wp-content\/uploads\/elementor\/thumbs\/IMG_1154-op44mob5kz1pq1k6ekqhswipq6myzl7h9fsxwr8low.jpg\" title=\"Chalets Torre Nova &#8211; Cala Santanyi\" alt=\"solarium\" loading=\"lazy\" \/>\t\t\t\t\t\t\t\t\t\t\t\t\t\t\t<\/div>\n\t\t\t\t<\/div>\n\t\t\t\t\t<\/div>\n\t\t<\/div>\n\t\t\t\t\t<\/div>\n\t\t<\/section>\n\t\t\t\t<\/div>\n\t\t","protected":false},"excerpt":{"rendered":"<p>Genie\u00dfen Sie Outdoor-Sport auf Mallorca. Kilometer lange Strecken auf Nebenstra\u00dfen mitten in der Natur. Da sonnige Tage vorherrschen, empfehlen wir verschiedene Routen f\u00fcr verschiedene Ebenen. Eine einzigartige M\u00f6glichkeit, die Insel Mallorca kennenzulernen.<\/p>\n","protected":false},"author":1,"featured_media":1116,"comment_status":"closed","ping_status":"open","sticky":false,"template":"","format":"standard","meta":{"footnotes":""},"categories":[10,78,28],"tags":[],"class_list":["post-1226","post","type-post","status-publish","format-standard","has-post-thumbnail","hentry","category-cala-santanyi","category-deporte","category-mallorca"],"yoast_head":"<!-- This site is optimized with the Yoast SEO plugin v27.1.1 - https:\/\/yoast.com\/product\/yoast-seo-wordpress\/ -->\n<title>Fahrrad auf Mallorca - CHALETS TORRE NOVA<\/title>\n<meta name=\"description\" content=\"Genie\u00dfen Sie Outdoor-Sport auf Mallorca. Kilometer lange Strecken auf Nebenstra\u00dfen mitten in der Natur. Da sonnige Tage vorherrschen, empfehlen wir verschiedene Routen f\u00fcr verschiedene Ebenen. Eine einzigartige M\u00f6glichkeit, die Insel Mallorca kennenzulernen.\" \/>\n<meta name=\"robots\" content=\"index, follow, max-snippet:-1, max-image-preview:large, max-video-preview:-1\" \/>\n<link rel=\"canonical\" href=\"https:\/\/www.chalets-tn.com\/bicicleta-mallorca\/\" \/>\n<meta property=\"og:locale\" content=\"de_DE\" \/>\n<meta property=\"og:type\" content=\"article\" \/>\n<meta property=\"og:title\" content=\"Fahrrad auf Mallorca - CHALETS TORRE NOVA\" \/>\n<meta property=\"og:description\" content=\"Genie\u00dfen Sie Outdoor-Sport auf Mallorca. Kilometer lange Strecken auf Nebenstra\u00dfen mitten in der Natur. Da sonnige Tage vorherrschen, empfehlen wir verschiedene Routen f\u00fcr verschiedene Ebenen. Eine einzigartige M\u00f6glichkeit, die Insel Mallorca kennenzulernen.\" \/>\n<meta property=\"og:url\" content=\"https:\/\/www.chalets-tn.com\/bicicleta-mallorca\/\" \/>\n<meta property=\"og:site_name\" content=\"CHALETS TORRE NOVA\" \/>\n<meta property=\"article:published_time\" content=\"2021-03-05T13:01:02+00:00\" \/>\n<meta property=\"og:image\" content=\"https:\/\/www.chalets-tn.com\/wp-content\/uploads\/2021\/01\/180212_0998restrest.jpg\" \/>\n\t<meta property=\"og:image:width\" content=\"2000\" \/>\n\t<meta property=\"og:image:height\" content=\"1073\" \/>\n\t<meta property=\"og:image:type\" content=\"image\/jpeg\" \/>\n<meta name=\"author\" content=\"admin_pere\" \/>\n<meta name=\"twitter:card\" content=\"summary_large_image\" \/>\n<meta name=\"twitter:label1\" content=\"Verfasst von\" \/>\n\t<meta name=\"twitter:data1\" content=\"admin_pere\" \/>\n\t<meta name=\"twitter:label2\" content=\"Gesch\u00e4tzte Lesezeit\" \/>\n\t<meta name=\"twitter:data2\" content=\"1\u00a0Minute\" \/>\n<script type=\"application\/ld+json\" class=\"yoast-schema-graph\">{\"@context\":\"https:\/\/schema.org\",\"@graph\":[{\"@type\":\"Article\",\"@id\":\"https:\/\/www.chalets-tn.com\/bicicleta-mallorca\/#article\",\"isPartOf\":{\"@id\":\"https:\/\/www.chalets-tn.com\/bicicleta-mallorca\/\"},\"author\":{\"name\":\"admin_pere\",\"@id\":\"https:\/\/www.chalets-tn.com\/#\/schema\/person\/bda182b3c85b96fab8a8159eaa7080de\"},\"headline\":\"Fahrrad auf Mallorca\",\"datePublished\":\"2021-03-05T13:01:02+00:00\",\"mainEntityOfPage\":{\"@id\":\"https:\/\/www.chalets-tn.com\/bicicleta-mallorca\/\"},\"wordCount\":134,\"image\":{\"@id\":\"https:\/\/www.chalets-tn.com\/bicicleta-mallorca\/#primaryimage\"},\"thumbnailUrl\":\"https:\/\/www.chalets-tn.com\/wp-content\/uploads\/2021\/01\/180212_0998restrest.jpg\",\"articleSection\":[\"Cala Santanyi\",\"Deporte\",\"mallorca\"],\"inLanguage\":\"de\"},{\"@type\":\"WebPage\",\"@id\":\"https:\/\/www.chalets-tn.com\/bicicleta-mallorca\/\",\"url\":\"https:\/\/www.chalets-tn.com\/bicicleta-mallorca\/\",\"name\":\"Fahrrad auf Mallorca - CHALETS TORRE NOVA\",\"isPartOf\":{\"@id\":\"https:\/\/www.chalets-tn.com\/#website\"},\"primaryImageOfPage\":{\"@id\":\"https:\/\/www.chalets-tn.com\/bicicleta-mallorca\/#primaryimage\"},\"image\":{\"@id\":\"https:\/\/www.chalets-tn.com\/bicicleta-mallorca\/#primaryimage\"},\"thumbnailUrl\":\"https:\/\/www.chalets-tn.com\/wp-content\/uploads\/2021\/01\/180212_0998restrest.jpg\",\"datePublished\":\"2021-03-05T13:01:02+00:00\",\"author\":{\"@id\":\"https:\/\/www.chalets-tn.com\/#\/schema\/person\/bda182b3c85b96fab8a8159eaa7080de\"},\"description\":\"Genie\u00dfen Sie Outdoor-Sport auf Mallorca. Kilometer lange Strecken auf Nebenstra\u00dfen mitten in der Natur. Da sonnige Tage vorherrschen, empfehlen wir verschiedene Routen f\u00fcr verschiedene Ebenen. Eine einzigartige M\u00f6glichkeit, die Insel Mallorca kennenzulernen.\",\"breadcrumb\":{\"@id\":\"https:\/\/www.chalets-tn.com\/bicicleta-mallorca\/#breadcrumb\"},\"inLanguage\":\"de\",\"potentialAction\":[{\"@type\":\"ReadAction\",\"target\":[\"https:\/\/www.chalets-tn.com\/bicicleta-mallorca\/\"]}]},{\"@type\":\"ImageObject\",\"inLanguage\":\"de\",\"@id\":\"https:\/\/www.chalets-tn.com\/bicicleta-mallorca\/#primaryimage\",\"url\":\"https:\/\/www.chalets-tn.com\/wp-content\/uploads\/2021\/01\/180212_0998restrest.jpg\",\"contentUrl\":\"https:\/\/www.chalets-tn.com\/wp-content\/uploads\/2021\/01\/180212_0998restrest.jpg\",\"width\":2000,\"height\":1073,\"caption\":\"Chalets Torre Nova - Cala Santanyi - Holidays resort\"},{\"@type\":\"BreadcrumbList\",\"@id\":\"https:\/\/www.chalets-tn.com\/bicicleta-mallorca\/#breadcrumb\",\"itemListElement\":[{\"@type\":\"ListItem\",\"position\":1,\"name\":\"Portada\",\"item\":\"https:\/\/www.chalets-tn.com\/de\/\"},{\"@type\":\"ListItem\",\"position\":2,\"name\":\"Fahrrad auf Mallorca\"}]},{\"@type\":\"WebSite\",\"@id\":\"https:\/\/www.chalets-tn.com\/#website\",\"url\":\"https:\/\/www.chalets-tn.com\/\",\"name\":\"CHALETS TORRE NOVA\",\"description\":\"Casas vacacionales en Cala Santanyi,  Mallorca\",\"potentialAction\":[{\"@type\":\"SearchAction\",\"target\":{\"@type\":\"EntryPoint\",\"urlTemplate\":\"https:\/\/www.chalets-tn.com\/?s={search_term_string}\"},\"query-input\":{\"@type\":\"PropertyValueSpecification\",\"valueRequired\":true,\"valueName\":\"search_term_string\"}}],\"inLanguage\":\"de\"},{\"@type\":\"Person\",\"@id\":\"https:\/\/www.chalets-tn.com\/#\/schema\/person\/bda182b3c85b96fab8a8159eaa7080de\",\"name\":\"admin_pere\",\"image\":{\"@type\":\"ImageObject\",\"inLanguage\":\"de\",\"@id\":\"https:\/\/www.chalets-tn.com\/#\/schema\/person\/image\/\",\"url\":\"https:\/\/secure.gravatar.com\/avatar\/92f2ec552064e589bbf69754a8e6bc87c11ca9a61b596f80a1756bc8d20b2e8e?s=96&d=mm&r=g\",\"contentUrl\":\"https:\/\/secure.gravatar.com\/avatar\/92f2ec552064e589bbf69754a8e6bc87c11ca9a61b596f80a1756bc8d20b2e8e?s=96&d=mm&r=g\",\"caption\":\"admin_pere\"},\"url\":\"https:\/\/www.chalets-tn.com\/de\/author\/admin_pere\/\"}]}<\/script>\n<!-- \/ Yoast SEO plugin. -->","yoast_head_json":{"title":"Fahrrad auf Mallorca - CHALETS TORRE NOVA","description":"Genie\u00dfen Sie Outdoor-Sport auf Mallorca. Kilometer lange Strecken auf Nebenstra\u00dfen mitten in der Natur. Da sonnige Tage vorherrschen, empfehlen wir verschiedene Routen f\u00fcr verschiedene Ebenen. Eine einzigartige M\u00f6glichkeit, die Insel Mallorca kennenzulernen.","robots":{"index":"index","follow":"follow","max-snippet":"max-snippet:-1","max-image-preview":"max-image-preview:large","max-video-preview":"max-video-preview:-1"},"canonical":"https:\/\/www.chalets-tn.com\/bicicleta-mallorca\/","og_locale":"de_DE","og_type":"article","og_title":"Fahrrad auf Mallorca - CHALETS TORRE NOVA","og_description":"Genie\u00dfen Sie Outdoor-Sport auf Mallorca. Kilometer lange Strecken auf Nebenstra\u00dfen mitten in der Natur. Da sonnige Tage vorherrschen, empfehlen wir verschiedene Routen f\u00fcr verschiedene Ebenen. Eine einzigartige M\u00f6glichkeit, die Insel Mallorca kennenzulernen.","og_url":"https:\/\/www.chalets-tn.com\/bicicleta-mallorca\/","og_site_name":"CHALETS TORRE NOVA","article_published_time":"2021-03-05T13:01:02+00:00","og_image":[{"width":2000,"height":1073,"url":"https:\/\/www.chalets-tn.com\/wp-content\/uploads\/2021\/01\/180212_0998restrest.jpg","type":"image\/jpeg"}],"author":"admin_pere","twitter_card":"summary_large_image","twitter_misc":{"Verfasst von":"admin_pere","Gesch\u00e4tzte Lesezeit":"1\u00a0Minute"},"schema":{"@context":"https:\/\/schema.org","@graph":[{"@type":"Article","@id":"https:\/\/www.chalets-tn.com\/bicicleta-mallorca\/#article","isPartOf":{"@id":"https:\/\/www.chalets-tn.com\/bicicleta-mallorca\/"},"author":{"name":"admin_pere","@id":"https:\/\/www.chalets-tn.com\/#\/schema\/person\/bda182b3c85b96fab8a8159eaa7080de"},"headline":"Fahrrad auf Mallorca","datePublished":"2021-03-05T13:01:02+00:00","mainEntityOfPage":{"@id":"https:\/\/www.chalets-tn.com\/bicicleta-mallorca\/"},"wordCount":134,"image":{"@id":"https:\/\/www.chalets-tn.com\/bicicleta-mallorca\/#primaryimage"},"thumbnailUrl":"https:\/\/www.chalets-tn.com\/wp-content\/uploads\/2021\/01\/180212_0998restrest.jpg","articleSection":["Cala Santanyi","Deporte","mallorca"],"inLanguage":"de"},{"@type":"WebPage","@id":"https:\/\/www.chalets-tn.com\/bicicleta-mallorca\/","url":"https:\/\/www.chalets-tn.com\/bicicleta-mallorca\/","name":"Fahrrad auf Mallorca - CHALETS TORRE NOVA","isPartOf":{"@id":"https:\/\/www.chalets-tn.com\/#website"},"primaryImageOfPage":{"@id":"https:\/\/www.chalets-tn.com\/bicicleta-mallorca\/#primaryimage"},"image":{"@id":"https:\/\/www.chalets-tn.com\/bicicleta-mallorca\/#primaryimage"},"thumbnailUrl":"https:\/\/www.chalets-tn.com\/wp-content\/uploads\/2021\/01\/180212_0998restrest.jpg","datePublished":"2021-03-05T13:01:02+00:00","author":{"@id":"https:\/\/www.chalets-tn.com\/#\/schema\/person\/bda182b3c85b96fab8a8159eaa7080de"},"description":"Genie\u00dfen Sie Outdoor-Sport auf Mallorca. Kilometer lange Strecken auf Nebenstra\u00dfen mitten in der Natur. Da sonnige Tage vorherrschen, empfehlen wir verschiedene Routen f\u00fcr verschiedene Ebenen. Eine einzigartige M\u00f6glichkeit, die Insel Mallorca kennenzulernen.","breadcrumb":{"@id":"https:\/\/www.chalets-tn.com\/bicicleta-mallorca\/#breadcrumb"},"inLanguage":"de","potentialAction":[{"@type":"ReadAction","target":["https:\/\/www.chalets-tn.com\/bicicleta-mallorca\/"]}]},{"@type":"ImageObject","inLanguage":"de","@id":"https:\/\/www.chalets-tn.com\/bicicleta-mallorca\/#primaryimage","url":"https:\/\/www.chalets-tn.com\/wp-content\/uploads\/2021\/01\/180212_0998restrest.jpg","contentUrl":"https:\/\/www.chalets-tn.com\/wp-content\/uploads\/2021\/01\/180212_0998restrest.jpg","width":2000,"height":1073,"caption":"Chalets Torre Nova - Cala Santanyi - Holidays resort"},{"@type":"BreadcrumbList","@id":"https:\/\/www.chalets-tn.com\/bicicleta-mallorca\/#breadcrumb","itemListElement":[{"@type":"ListItem","position":1,"name":"Portada","item":"https:\/\/www.chalets-tn.com\/de\/"},{"@type":"ListItem","position":2,"name":"Fahrrad auf Mallorca"}]},{"@type":"WebSite","@id":"https:\/\/www.chalets-tn.com\/#website","url":"https:\/\/www.chalets-tn.com\/","name":"CHALETS TORRE NOVA","description":"Casas vacacionales en Cala Santanyi,  Mallorca","potentialAction":[{"@type":"SearchAction","target":{"@type":"EntryPoint","urlTemplate":"https:\/\/www.chalets-tn.com\/?s={search_term_string}"},"query-input":{"@type":"PropertyValueSpecification","valueRequired":true,"valueName":"search_term_string"}}],"inLanguage":"de"},{"@type":"Person","@id":"https:\/\/www.chalets-tn.com\/#\/schema\/person\/bda182b3c85b96fab8a8159eaa7080de","name":"admin_pere","image":{"@type":"ImageObject","inLanguage":"de","@id":"https:\/\/www.chalets-tn.com\/#\/schema\/person\/image\/","url":"https:\/\/secure.gravatar.com\/avatar\/92f2ec552064e589bbf69754a8e6bc87c11ca9a61b596f80a1756bc8d20b2e8e?s=96&d=mm&r=g","contentUrl":"https:\/\/secure.gravatar.com\/avatar\/92f2ec552064e589bbf69754a8e6bc87c11ca9a61b596f80a1756bc8d20b2e8e?s=96&d=mm&r=g","caption":"admin_pere"},"url":"https:\/\/www.chalets-tn.com\/de\/author\/admin_pere\/"}]}},"_links":{"self":[{"href":"https:\/\/www.chalets-tn.com\/de\/wp-json\/wp\/v2\/posts\/1226","targetHints":{"allow":["GET"]}}],"collection":[{"href":"https:\/\/www.chalets-tn.com\/de\/wp-json\/wp\/v2\/posts"}],"about":[{"href":"https:\/\/www.chalets-tn.com\/de\/wp-json\/wp\/v2\/types\/post"}],"author":[{"embeddable":true,"href":"https:\/\/www.chalets-tn.com\/de\/wp-json\/wp\/v2\/users\/1"}],"replies":[{"embeddable":true,"href":"https:\/\/www.chalets-tn.com\/de\/wp-json\/wp\/v2\/comments?post=1226"}],"version-history":[{"count":1,"href":"https:\/\/www.chalets-tn.com\/de\/wp-json\/wp\/v2\/posts\/1226\/revisions"}],"predecessor-version":[{"id":1227,"href":"https:\/\/www.chalets-tn.com\/de\/wp-json\/wp\/v2\/posts\/1226\/revisions\/1227"}],"wp:featuredmedia":[{"embeddable":true,"href":"https:\/\/www.chalets-tn.com\/de\/wp-json\/wp\/v2\/media\/1116"}],"wp:attachment":[{"href":"https:\/\/www.chalets-tn.com\/de\/wp-json\/wp\/v2\/media?parent=1226"}],"wp:term":[{"taxonomy":"category","embeddable":true,"href":"https:\/\/www.chalets-tn.com\/de\/wp-json\/wp\/v2\/categories?post=1226"},{"taxonomy":"post_tag","embeddable":true,"href":"https:\/\/www.chalets-tn.com\/de\/wp-json\/wp\/v2\/tags?post=1226"}],"curies":[{"name":"wp","href":"https:\/\/api.w.org\/{rel}","templated":true}]}}